{"id":5374,"date":"2022-12-15T11:33:03","date_gmt":"2022-12-15T10:33:03","guid":{"rendered":"https:\/\/www.baikowski.com\/?p=5374"},"modified":"2025-07-03T14:15:27","modified_gmt":"2025-07-03T12:15:27","slug":"les-journees-de-la-formulation-2022","status":"publish","type":"post","link":"https:\/\/www.baikowski.com\/fr\/les-journees-de-la-formulation-2022\/","title":{"rendered":"La suspension d&rsquo;alumine comme variable d&rsquo;ajustement pour les composites ox-ox"},"content":{"rendered":"<p>Retrouvez l&rsquo;enregistrement de la pr\u00e9sentation qui s&rsquo;est tenue lors des Journ\u00e9es de la Formulation 2022 de la Soci\u00e9t\u00e9 Chimique de France. L&rsquo;adaptation de la formulation des charges min\u00e9rales afin de pr\u00e9server, valoriser et recycler les ressources \u00e9tait au centre des sujets abord\u00e9s cette ann\u00e9e l\u00e0. Dans le cadre des conf\u00e9rences sur la th\u00e9matique &lsquo;formulation et cyle de vie&rsquo;, <strong>notre chef de projet R&amp;D Livia Marra\u00a0 <\/strong>a pr\u00e9sent\u00e9 :<\/p>\n<h2 style=\"text-align: center;\">La suspension d&rsquo;alumine comme variable d&rsquo;ajustement pour les composites ox-ox<\/h2>\n<p><a href=\"https:\/\/baikowski.com\/en\/cmc-ceramic-matrix-composite-page\/\"><img loading=\"lazy\" decoding=\"async\" class=\"wp-image-1502 alignleft\" src=\"https:\/\/www.baikowski.com\/wp-content\/uploads\/2019\/11\/shutterstock_85369999-e1668508232723.jpg\" alt=\"CMC ceramic matrix composite on jet blades\" width=\"224\" height=\"149\" srcset=\"https:\/\/www.baikowski.com\/wp-content\/uploads\/2019\/11\/shutterstock_85369999-e1668508232723.jpg 600w, https:\/\/www.baikowski.com\/wp-content\/uploads\/2019\/11\/shutterstock_85369999-e1668508232723-300x200.jpg 300w\" sizes=\"auto, (max-width: 224px) 100vw, 224px\" \/>Les CMCs (composites \u00e0 matrice c\u00e9ramique)<\/a> sont essentiellement utilis\u00e9s dans les secteurs de l\u2019industrie <strong>spatiale et de l\u2019a\u00e9ronautique militaire<\/strong>. Ceux-ci sont <strong>r\u00e9sistants \u00e0 la temp\u00e9rature<\/strong>, notamment par rapport au PMC plus classiques et <strong>chimiquement tr\u00e8s stables<\/strong>. L\u2019utilisation de CMC permet d\u2019envisager<strong> l\u2019all\u00e8gement des structures<\/strong> et permet l\u2019augmentation des temp\u00e9ratures limites d\u2019utilisations; am\u00e9liorant ainsi les performances tout en<strong> diminuant la consommation \u00e9nerg\u00e9tique<\/strong>.<\/p>\n<p>Le composite Ox-Ox est constitu\u00e9 d\u2019un tissu compos\u00e9 de fibres de diam\u00e8tre moyen 10\u03bcm dont la composition peut-\u00eatre en silice, en alumine, ou en mullite et d\u2019une matrice c\u00e9ramique en alumine, mullite ou autres compositions c\u00e9ramiques r\u00e9fractaires.<\/p>\n<p>La matrice repr\u00e9sente g\u00e9n\u00e9ralement 50% du volume du composite. Les param\u00e8tres cl\u00e9s pour constituer une matrice de qualit\u00e9 sont :<br \/>\n\u2022 <strong>Des grains tr\u00e8s fins (&lt;1 \u03bcm)<\/strong><br \/>\n<strong>\u2022 Une temp\u00e9rature de densification la plus faible possible<\/strong><br \/>\n<strong>\u2022 Une porosit\u00e9 contr\u00f4l\u00e9e pour une avoir de bonnes performances m\u00e9caniques<\/strong><\/p>\n<p><img loading=\"lazy\" decoding=\"async\" class=\"wp-image-3541 alignleft\" src=\"https:\/\/www.baikowski.com\/wp-content\/uploads\/2020\/08\/Baikowski\u00ae-products-2018_\u00a9utopikphoto-14.jpg\" alt=\"HPA suspension with high density\" width=\"209\" height=\"139\" srcset=\"https:\/\/www.baikowski.com\/wp-content\/uploads\/2020\/08\/Baikowski\u00ae-products-2018_\u00a9utopikphoto-14.jpg 1500w, https:\/\/www.baikowski.com\/wp-content\/uploads\/2020\/08\/Baikowski\u00ae-products-2018_\u00a9utopikphoto-14-300x200.jpg 300w, https:\/\/www.baikowski.com\/wp-content\/uploads\/2020\/08\/Baikowski\u00ae-products-2018_\u00a9utopikphoto-14-1024x683.jpg 1024w, https:\/\/www.baikowski.com\/wp-content\/uploads\/2020\/08\/Baikowski\u00ae-products-2018_\u00a9utopikphoto-14-768x513.jpg 768w\" sizes=\"auto, (max-width: 209px) 100vw, 209px\" \/>Pour r\u00e9pondre aux besoins de cette application Baikowski d\u00e9veloppe des poudres et des suspensions.<br \/>\n<strong>L\u2019int\u00e9r\u00eat d\u2019utiliser une suspension est d\u2019avoir un produit pr\u00eat \u00e0 l\u2019emploi et optimis\u00e9 pour son utilisation.<br \/>\n<\/strong>La composition des suspensions peut \u00eatre ajust\u00e9e avec diff\u00e9rents oxydes tels que des alumines de haute puret\u00e9, des spinelles, du grenats (YAG), de la mullite ou bien encore de la zircone. La qualit\u00e9 des suspensions d\u00e9velopp\u00e9es est aussi adapt\u00e9e en fonction des besoins et des applications des clients en ajustant notamment la taille des particules, le taux de charge, le pH.<br \/>\nUne pr\u00e9sentation de quelques suspensions et des applications qui en d\u00e9coulent permet de mettre en avant des exemples concrets.<\/p>\n<div class=\"iframe-container\"><iframe loading=\"lazy\" title=\"YouTube video player\" src=\"https:\/\/www.youtube.com\/embed\/VMkhFWAhieQ\" width=\"960\" height=\"715\" frameborder=\"0\" allowfullscreen=\"allowfullscreen\"><\/iframe><\/div>\n<p style=\"text-align: center;\"><a class=\"bouton-bleu\" href=\"https:\/\/www.baikowski.com\/fr\/application\/cmc-fr\/\">D\u00e9couvrir nos solutions pour CMC oxyde-oxyde<\/a><\/p>\n<table style=\"border-collapse: collapse; width: 100%;\" border=\"1\">\n<tbody>\n<tr style=\"height: 48px;\">\n<td style=\"width: 100%; border-style: hidden; background-color: #ffffff; height: 48px;\">&nbsp;<\/p>\n<p style=\"text-align: center;\"><label><strong>Recevez les mises \u00e0 jour et informations importantes<\/strong><br \/>\n<script>(function() {\n\twindow.mc4wp = window.mc4wp || {\n\t\tlisteners: [],\n\t\tforms: {\n\t\t\ton: function(evt, cb) {\n\t\t\t\twindow.mc4wp.listeners.push(\n\t\t\t\t\t{\n\t\t\t\t\t\tevent   : evt,\n\t\t\t\t\t\tcallback: cb\n\t\t\t\t\t}\n\t\t\t\t);\n\t\t\t}\n\t\t}\n\t}\n})();\n<\/script><!-- Mailchimp for WordPress v4.10.4 - https:\/\/wordpress.org\/plugins\/mailchimp-for-wp\/ --><form id=\"mc4wp-form-1\" class=\"mc4wp-form mc4wp-form-1760\" method=\"post\" data-id=\"1760\" data-name=\"\" ><div class=\"mc4wp-form-fields\"><div class=\"form-items\">\r\n  <input name=\"EMAIL\" required=\"\" type=\"email\" placeholder=\"Votre email\" \/>\r\n  <label>\r\n    <input name=\"AGREE_TO_TERMS\" required=\"\" type=\"checkbox\" value=\"1\" \/> Je consens au traitement de mes donn\u00e9es conform\u00e9ment \u00e0 la <a href=\"http:\/\/www.baikowski.com\/fr\/politique-de-confidentialite\/\" target=\"_blank\" rel=\"noopener\">politique de confidentialit\u00e9 et de protection des donn\u00e9es<\/a>.*\r\n  <\/label>\r\n<\/div>\r\n<div class=\"form-actions\">\r\n  <input type=\"submit\" value=\"Soumettre\" \/>\r\n<\/div>\r\n<\/div><label style=\"display: none !important;\">Laissez ce champ vide si vous \u00eates humain\u00a0: <input type=\"text\" name=\"_mc4wp_honeypot\" value=\"\" tabindex=\"-1\" autocomplete=\"off\" \/><\/label><input type=\"hidden\" name=\"_mc4wp_timestamp\" value=\"1777672916\" \/><input type=\"hidden\" name=\"_mc4wp_form_id\" value=\"1760\" \/><input type=\"hidden\" name=\"_mc4wp_form_element_id\" value=\"mc4wp-form-1\" \/><div class=\"mc4wp-response\"><\/div><\/form><!-- \/ Mailchimp for WordPress Plugin --><\/label><\/p>\n<\/td>\n<\/tr>\n<\/tbody>\n<\/table>\n<p>&nbsp;<\/p>\n","protected":false},"excerpt":{"rendered":"<p>Retrouvez l&rsquo;enregistrement de la pr\u00e9sentation qui s&rsquo;est tenue lors des Journ\u00e9es de la Formulation 2022 de la Soci\u00e9t\u00e9 Chimique de France. L&rsquo;adaptation de la formulation des charges min\u00e9rales afin de pr\u00e9server, valoriser et recycler les ressources \u00e9tait au centre des sujets abord\u00e9s cette ann\u00e9e l\u00e0. Dans le cadre des conf\u00e9rences sur la th\u00e9matique &lsquo;formulation et [&hellip;]<\/p>\n","protected":false},"author":1076,"featured_media":6100,"comment_status":"open","ping_status":"open","sticky":false,"template":"","format":"standard","meta":{"_acf_changed":false,"footnotes":""},"categories":[53],"tags":[],"class_list":["post-5374","post","type-post","status-publish","format-standard","has-post-thumbnail","hentry","category-applications"],"acf":[],"yoast_head":"<!-- This site is optimized with the Yoast SEO plugin v25.2 - https:\/\/yoast.com\/wordpress\/plugins\/seo\/ -->\n<title>La suspension d&#039;alumine comme variable d&#039;ajustement pour les composites ox-ox - Baikowski\u00ae<\/title>\n<meta name=\"description\" content=\"Visualisez la conf\u00e9rence donn\u00e9e par notre chef de projet R&amp;D aux journ\u00e9es de la formulation 2022 sur la th\u00e9matique formulation et cyle de vie\" \/>\n<meta name=\"robots\" content=\"index, follow, max-snippet:-1, max-image-preview:large, max-video-preview:-1\" \/>\n<link rel=\"canonical\" href=\"https:\/\/www.baikowski.com\/fr\/les-journees-de-la-formulation-2022\/\" \/>\n<meta name=\"twitter:card\" content=\"summary_large_image\" \/>\n<meta name=\"twitter:title\" content=\"La suspension d&#039;alumine comme variable d&#039;ajustement pour les composites ox-ox - Baikowski\u00ae\" \/>\n<meta name=\"twitter:description\" content=\"Visualisez la conf\u00e9rence donn\u00e9e par notre chef de projet R&amp;D aux journ\u00e9es de la formulation 2022 sur la th\u00e9matique formulation et cyle de vie\" \/>\n<meta name=\"twitter:image\" content=\"https:\/\/www.baikowski.com\/wp-content\/uploads\/2022\/11\/Livia-Marra-lors-de-la-conference-sur-les-CMC.jpg\" \/>\n<meta name=\"twitter:creator\" content=\"@BaikowskiTeam\" \/>\n<meta name=\"twitter:site\" content=\"@BaikowskiTeam\" \/>\n<meta name=\"twitter:label1\" content=\"\u00c9crit par\" \/>\n\t<meta name=\"twitter:data1\" content=\"Isabelle-Guy\" \/>\n\t<meta name=\"twitter:label2\" content=\"Dur\u00e9e de lecture estim\u00e9e\" \/>\n\t<meta name=\"twitter:data2\" content=\"3 minutes\" \/>\n<script type=\"application\/ld+json\" class=\"yoast-schema-graph\">{\"@context\":\"https:\/\/schema.org\",\"@graph\":[{\"@type\":\"NewsArticle\",\"@id\":\"https:\/\/www.baikowski.com\/fr\/les-journees-de-la-formulation-2022\/#article\",\"isPartOf\":{\"@id\":\"https:\/\/www.baikowski.com\/fr\/les-journees-de-la-formulation-2022\/\"},\"author\":{\"name\":\"Isabelle-Guy\",\"@id\":\"https:\/\/www.baikowski.com\/fr\/#\/schema\/person\/dfa404ee4e9dc3ead92f6c7633e7e016\"},\"headline\":\"La suspension d&rsquo;alumine comme variable d&rsquo;ajustement pour les composites ox-ox\",\"datePublished\":\"2022-12-15T10:33:03+00:00\",\"dateModified\":\"2025-07-03T12:15:27+00:00\",\"mainEntityOfPage\":{\"@id\":\"https:\/\/www.baikowski.com\/fr\/les-journees-de-la-formulation-2022\/\"},\"wordCount\":415,\"commentCount\":0,\"publisher\":{\"@id\":\"https:\/\/www.baikowski.com\/fr\/#organization\"},\"image\":{\"@id\":\"https:\/\/www.baikowski.com\/fr\/les-journees-de-la-formulation-2022\/#primaryimage\"},\"thumbnailUrl\":\"https:\/\/www.baikowski.com\/wp-content\/uploads\/2022\/11\/Livia-Marra-lors-de-la-conference-sur-les-CMC.jpg\",\"articleSection\":[\"Applications &amp; Solutions\"],\"inLanguage\":\"fr-FR\",\"potentialAction\":[{\"@type\":\"CommentAction\",\"name\":\"Comment\",\"target\":[\"https:\/\/www.baikowski.com\/fr\/les-journees-de-la-formulation-2022\/#respond\"]}]},{\"@type\":\"WebPage\",\"@id\":\"https:\/\/www.baikowski.com\/fr\/les-journees-de-la-formulation-2022\/\",\"url\":\"https:\/\/www.baikowski.com\/fr\/les-journees-de-la-formulation-2022\/\",\"name\":\"La suspension d'alumine comme variable d'ajustement pour les composites ox-ox - Baikowski\u00ae\",\"isPartOf\":{\"@id\":\"https:\/\/www.baikowski.com\/fr\/#website\"},\"primaryImageOfPage\":{\"@id\":\"https:\/\/www.baikowski.com\/fr\/les-journees-de-la-formulation-2022\/#primaryimage\"},\"image\":{\"@id\":\"https:\/\/www.baikowski.com\/fr\/les-journees-de-la-formulation-2022\/#primaryimage\"},\"thumbnailUrl\":\"https:\/\/www.baikowski.com\/wp-content\/uploads\/2022\/11\/Livia-Marra-lors-de-la-conference-sur-les-CMC.jpg\",\"datePublished\":\"2022-12-15T10:33:03+00:00\",\"dateModified\":\"2025-07-03T12:15:27+00:00\",\"description\":\"Visualisez la conf\u00e9rence donn\u00e9e par notre chef de projet R&D aux journ\u00e9es de la formulation 2022 sur la th\u00e9matique formulation et cyle de vie\",\"breadcrumb\":{\"@id\":\"https:\/\/www.baikowski.com\/fr\/les-journees-de-la-formulation-2022\/#breadcrumb\"},\"inLanguage\":\"fr-FR\",\"potentialAction\":[{\"@type\":\"ReadAction\",\"target\":[\"https:\/\/www.baikowski.com\/fr\/les-journees-de-la-formulation-2022\/\"]}]},{\"@type\":\"ImageObject\",\"inLanguage\":\"fr-FR\",\"@id\":\"https:\/\/www.baikowski.com\/fr\/les-journees-de-la-formulation-2022\/#primaryimage\",\"url\":\"https:\/\/www.baikowski.com\/wp-content\/uploads\/2022\/11\/Livia-Marra-lors-de-la-conference-sur-les-CMC.jpg\",\"contentUrl\":\"https:\/\/www.baikowski.com\/wp-content\/uploads\/2022\/11\/Livia-Marra-lors-de-la-conference-sur-les-CMC.jpg\",\"width\":335,\"height\":277,\"caption\":\"Conf\u00e9rence sur la suspension d'alumine comme variable d'ajustement des composites ox-ox\"},{\"@type\":\"BreadcrumbList\",\"@id\":\"https:\/\/www.baikowski.com\/fr\/les-journees-de-la-formulation-2022\/#breadcrumb\",\"itemListElement\":[{\"@type\":\"ListItem\",\"position\":1,\"name\":\"Accueil\",\"item\":\"https:\/\/www.baikowski.com\/fr\/\"},{\"@type\":\"ListItem\",\"position\":2,\"name\":\"La suspension d&#8217;alumine comme variable d&#8217;ajustement pour les composites ox-ox\"}]},{\"@type\":\"WebSite\",\"@id\":\"https:\/\/www.baikowski.com\/fr\/#website\",\"url\":\"https:\/\/www.baikowski.com\/fr\/\",\"name\":\"Baikowski\u00ae\",\"description\":\"Your solution partner for fine minerals\",\"publisher\":{\"@id\":\"https:\/\/www.baikowski.com\/fr\/#organization\"},\"potentialAction\":[{\"@type\":\"SearchAction\",\"target\":{\"@type\":\"EntryPoint\",\"urlTemplate\":\"https:\/\/www.baikowski.com\/fr\/?s={search_term_string}\"},\"query-input\":{\"@type\":\"PropertyValueSpecification\",\"valueRequired\":true,\"valueName\":\"search_term_string\"}}],\"inLanguage\":\"fr-FR\"},{\"@type\":\"Organization\",\"@id\":\"https:\/\/www.baikowski.com\/fr\/#organization\",\"name\":\"Baikowski\u00ae\",\"url\":\"https:\/\/www.baikowski.com\/fr\/\",\"logo\":{\"@type\":\"ImageObject\",\"inLanguage\":\"fr-FR\",\"@id\":\"https:\/\/www.baikowski.com\/fr\/#\/schema\/logo\/image\/\",\"url\":\"https:\/\/www.baikowski.com\/wp-content\/uploads\/2020\/10\/Baikowski_blocmarque_RVB_ok.jpg\",\"contentUrl\":\"https:\/\/www.baikowski.com\/wp-content\/uploads\/2020\/10\/Baikowski_blocmarque_RVB_ok.jpg\",\"width\":1977,\"height\":754,\"caption\":\"Baikowski\u00ae\"},\"image\":{\"@id\":\"https:\/\/www.baikowski.com\/fr\/#\/schema\/logo\/image\/\"},\"sameAs\":[\"https:\/\/x.com\/BaikowskiTeam\",\"https:\/\/www.linkedin.com\/company\/baikowski\",\"https:\/\/www.youtube.com\/channel\/UC8ypcOZkT7RxGf5HC_aW70g\"]},{\"@type\":\"Person\",\"@id\":\"https:\/\/www.baikowski.com\/fr\/#\/schema\/person\/dfa404ee4e9dc3ead92f6c7633e7e016\",\"name\":\"Isabelle-Guy\",\"image\":{\"@type\":\"ImageObject\",\"inLanguage\":\"fr-FR\",\"@id\":\"https:\/\/www.baikowski.com\/fr\/#\/schema\/person\/image\/\",\"url\":\"https:\/\/secure.gravatar.com\/avatar\/c7b86486645e05531abd8ac2ae371caecd081c20c8e22e42dcaa9a7d31cb4ee6?s=96&d=mm&r=g\",\"contentUrl\":\"https:\/\/secure.gravatar.com\/avatar\/c7b86486645e05531abd8ac2ae371caecd081c20c8e22e42dcaa9a7d31cb4ee6?s=96&d=mm&r=g\",\"caption\":\"Isabelle-Guy\"}}]}<\/script>\n<!-- \/ Yoast SEO plugin. -->","yoast_head_json":{"title":"La suspension d'alumine comme variable d'ajustement pour les composites ox-ox - Baikowski\u00ae","description":"Visualisez la conf\u00e9rence donn\u00e9e par notre chef de projet R&D aux journ\u00e9es de la formulation 2022 sur la th\u00e9matique formulation et cyle de vie","robots":{"index":"index","follow":"follow","max-snippet":"max-snippet:-1","max-image-preview":"max-image-preview:large","max-video-preview":"max-video-preview:-1"},"canonical":"https:\/\/www.baikowski.com\/fr\/les-journees-de-la-formulation-2022\/","twitter_card":"summary_large_image","twitter_title":"La suspension d'alumine comme variable d'ajustement pour les composites ox-ox - Baikowski\u00ae","twitter_description":"Visualisez la conf\u00e9rence donn\u00e9e par notre chef de projet R&D aux journ\u00e9es de la formulation 2022 sur la th\u00e9matique formulation et cyle de vie","twitter_image":"https:\/\/www.baikowski.com\/wp-content\/uploads\/2022\/11\/Livia-Marra-lors-de-la-conference-sur-les-CMC.jpg","twitter_creator":"@BaikowskiTeam","twitter_site":"@BaikowskiTeam","twitter_misc":{"\u00c9crit par":"Isabelle-Guy","Dur\u00e9e de lecture estim\u00e9e":"3 minutes"},"schema":{"@context":"https:\/\/schema.org","@graph":[{"@type":"NewsArticle","@id":"https:\/\/www.baikowski.com\/fr\/les-journees-de-la-formulation-2022\/#article","isPartOf":{"@id":"https:\/\/www.baikowski.com\/fr\/les-journees-de-la-formulation-2022\/"},"author":{"name":"Isabelle-Guy","@id":"https:\/\/www.baikowski.com\/fr\/#\/schema\/person\/dfa404ee4e9dc3ead92f6c7633e7e016"},"headline":"La suspension d&rsquo;alumine comme variable d&rsquo;ajustement pour les composites ox-ox","datePublished":"2022-12-15T10:33:03+00:00","dateModified":"2025-07-03T12:15:27+00:00","mainEntityOfPage":{"@id":"https:\/\/www.baikowski.com\/fr\/les-journees-de-la-formulation-2022\/"},"wordCount":415,"commentCount":0,"publisher":{"@id":"https:\/\/www.baikowski.com\/fr\/#organization"},"image":{"@id":"https:\/\/www.baikowski.com\/fr\/les-journees-de-la-formulation-2022\/#primaryimage"},"thumbnailUrl":"https:\/\/www.baikowski.com\/wp-content\/uploads\/2022\/11\/Livia-Marra-lors-de-la-conference-sur-les-CMC.jpg","articleSection":["Applications &amp; Solutions"],"inLanguage":"fr-FR","potentialAction":[{"@type":"CommentAction","name":"Comment","target":["https:\/\/www.baikowski.com\/fr\/les-journees-de-la-formulation-2022\/#respond"]}]},{"@type":"WebPage","@id":"https:\/\/www.baikowski.com\/fr\/les-journees-de-la-formulation-2022\/","url":"https:\/\/www.baikowski.com\/fr\/les-journees-de-la-formulation-2022\/","name":"La suspension d'alumine comme variable d'ajustement pour les composites ox-ox - Baikowski\u00ae","isPartOf":{"@id":"https:\/\/www.baikowski.com\/fr\/#website"},"primaryImageOfPage":{"@id":"https:\/\/www.baikowski.com\/fr\/les-journees-de-la-formulation-2022\/#primaryimage"},"image":{"@id":"https:\/\/www.baikowski.com\/fr\/les-journees-de-la-formulation-2022\/#primaryimage"},"thumbnailUrl":"https:\/\/www.baikowski.com\/wp-content\/uploads\/2022\/11\/Livia-Marra-lors-de-la-conference-sur-les-CMC.jpg","datePublished":"2022-12-15T10:33:03+00:00","dateModified":"2025-07-03T12:15:27+00:00","description":"Visualisez la conf\u00e9rence donn\u00e9e par notre chef de projet R&D aux journ\u00e9es de la formulation 2022 sur la th\u00e9matique formulation et cyle de vie","breadcrumb":{"@id":"https:\/\/www.baikowski.com\/fr\/les-journees-de-la-formulation-2022\/#breadcrumb"},"inLanguage":"fr-FR","potentialAction":[{"@type":"ReadAction","target":["https:\/\/www.baikowski.com\/fr\/les-journees-de-la-formulation-2022\/"]}]},{"@type":"ImageObject","inLanguage":"fr-FR","@id":"https:\/\/www.baikowski.com\/fr\/les-journees-de-la-formulation-2022\/#primaryimage","url":"https:\/\/www.baikowski.com\/wp-content\/uploads\/2022\/11\/Livia-Marra-lors-de-la-conference-sur-les-CMC.jpg","contentUrl":"https:\/\/www.baikowski.com\/wp-content\/uploads\/2022\/11\/Livia-Marra-lors-de-la-conference-sur-les-CMC.jpg","width":335,"height":277,"caption":"Conf\u00e9rence sur la suspension d'alumine comme variable d'ajustement des composites ox-ox"},{"@type":"BreadcrumbList","@id":"https:\/\/www.baikowski.com\/fr\/les-journees-de-la-formulation-2022\/#breadcrumb","itemListElement":[{"@type":"ListItem","position":1,"name":"Accueil","item":"https:\/\/www.baikowski.com\/fr\/"},{"@type":"ListItem","position":2,"name":"La suspension d&#8217;alumine comme variable d&#8217;ajustement pour les composites ox-ox"}]},{"@type":"WebSite","@id":"https:\/\/www.baikowski.com\/fr\/#website","url":"https:\/\/www.baikowski.com\/fr\/","name":"Baikowski\u00ae","description":"Your solution partner for fine minerals","publisher":{"@id":"https:\/\/www.baikowski.com\/fr\/#organization"},"potentialAction":[{"@type":"SearchAction","target":{"@type":"EntryPoint","urlTemplate":"https:\/\/www.baikowski.com\/fr\/?s={search_term_string}"},"query-input":{"@type":"PropertyValueSpecification","valueRequired":true,"valueName":"search_term_string"}}],"inLanguage":"fr-FR"},{"@type":"Organization","@id":"https:\/\/www.baikowski.com\/fr\/#organization","name":"Baikowski\u00ae","url":"https:\/\/www.baikowski.com\/fr\/","logo":{"@type":"ImageObject","inLanguage":"fr-FR","@id":"https:\/\/www.baikowski.com\/fr\/#\/schema\/logo\/image\/","url":"https:\/\/www.baikowski.com\/wp-content\/uploads\/2020\/10\/Baikowski_blocmarque_RVB_ok.jpg","contentUrl":"https:\/\/www.baikowski.com\/wp-content\/uploads\/2020\/10\/Baikowski_blocmarque_RVB_ok.jpg","width":1977,"height":754,"caption":"Baikowski\u00ae"},"image":{"@id":"https:\/\/www.baikowski.com\/fr\/#\/schema\/logo\/image\/"},"sameAs":["https:\/\/x.com\/BaikowskiTeam","https:\/\/www.linkedin.com\/company\/baikowski","https:\/\/www.youtube.com\/channel\/UC8ypcOZkT7RxGf5HC_aW70g"]},{"@type":"Person","@id":"https:\/\/www.baikowski.com\/fr\/#\/schema\/person\/dfa404ee4e9dc3ead92f6c7633e7e016","name":"Isabelle-Guy","image":{"@type":"ImageObject","inLanguage":"fr-FR","@id":"https:\/\/www.baikowski.com\/fr\/#\/schema\/person\/image\/","url":"https:\/\/secure.gravatar.com\/avatar\/c7b86486645e05531abd8ac2ae371caecd081c20c8e22e42dcaa9a7d31cb4ee6?s=96&d=mm&r=g","contentUrl":"https:\/\/secure.gravatar.com\/avatar\/c7b86486645e05531abd8ac2ae371caecd081c20c8e22e42dcaa9a7d31cb4ee6?s=96&d=mm&r=g","caption":"Isabelle-Guy"}}]}},"_links":{"self":[{"href":"https:\/\/www.baikowski.com\/fr\/wp-json\/wp\/v2\/posts\/5374","targetHints":{"allow":["GET"]}}],"collection":[{"href":"https:\/\/www.baikowski.com\/fr\/wp-json\/wp\/v2\/posts"}],"about":[{"href":"https:\/\/www.baikowski.com\/fr\/wp-json\/wp\/v2\/types\/post"}],"author":[{"embeddable":true,"href":"https:\/\/www.baikowski.com\/fr\/wp-json\/wp\/v2\/users\/1076"}],"replies":[{"embeddable":true,"href":"https:\/\/www.baikowski.com\/fr\/wp-json\/wp\/v2\/comments?post=5374"}],"version-history":[{"count":17,"href":"https:\/\/www.baikowski.com\/fr\/wp-json\/wp\/v2\/posts\/5374\/revisions"}],"predecessor-version":[{"id":11726,"href":"https:\/\/www.baikowski.com\/fr\/wp-json\/wp\/v2\/posts\/5374\/revisions\/11726"}],"wp:featuredmedia":[{"embeddable":true,"href":"https:\/\/www.baikowski.com\/fr\/wp-json\/wp\/v2\/media\/6100"}],"wp:attachment":[{"href":"https:\/\/www.baikowski.com\/fr\/wp-json\/wp\/v2\/media?parent=5374"}],"wp:term":[{"taxonomy":"category","embeddable":true,"href":"https:\/\/www.baikowski.com\/fr\/wp-json\/wp\/v2\/categories?post=5374"},{"taxonomy":"post_tag","embeddable":true,"href":"https:\/\/www.baikowski.com\/fr\/wp-json\/wp\/v2\/tags?post=5374"}],"curies":[{"name":"wp","href":"https:\/\/api.w.org\/{rel}","templated":true}]}}